{"id":2471,"date":"2026-04-02T14:36:48","date_gmt":"2026-04-02T12:36:48","guid":{"rendered":"https:\/\/dfv-undenheim.de\/?p=2471"},"modified":"2026-05-03T07:11:34","modified_gmt":"2026-05-03T05:11:34","slug":"undenheim-blueht-auf-2025-unser-fruehlingsfest-fuer-jung-und-alt","status":"publish","type":"post","link":"https:\/\/dfv-undenheim.de\/?p=2471","title":{"rendered":"Undenheim bl\u00fcht auf"},"content":{"rendered":"\n<p class=\"has-medium-font-size\" id=\"block-9d96ad1b-44c5-473c-8b81-3578e4ba9c89\">Undenheim bl\u00fcht auf 2026 &#8211; unser Fr\u00fchlingsfest f\u00fcr jung und alt<\/p>\n\n\n\n<figure class=\"wp-block-image size-large is-resized\" id=\"block-df731bd4-caaf-4595-b328-1718ccf280bf\"><img loading=\"lazy\" decoding=\"async\" width=\"1024\" height=\"254\" src=\"https:\/\/dfv-undenheim.de\/wp-content\/uploads\/2026\/04\/Button-2026-1024x254.png\" alt=\"\" class=\"wp-image-3307\" style=\"width:565px;height:auto\" srcset=\"https:\/\/dfv-undenheim.de\/wp-content\/uploads\/2026\/04\/Button-2026-1024x254.png 1024w, https:\/\/dfv-undenheim.de\/wp-content\/uploads\/2026\/04\/Button-2026-300x74.png 300w, https:\/\/dfv-undenheim.de\/wp-content\/uploads\/2026\/04\/Button-2026-768x191.png 768w, https:\/\/dfv-undenheim.de\/wp-content\/uploads\/2026\/04\/Button-2026.png 1196w\" sizes=\"auto, (max-width: 1024px) 100vw, 1024px\" \/><\/figure>\n\n\n\n<figure class=\"wp-block-image size-large is-resized\" id=\"block-db6c379a-ae55-422c-8c28-ba0f53e3e2d6\"><img loading=\"lazy\" decoding=\"async\" width=\"728\" height=\"1024\" src=\"https:\/\/dfv-undenheim.de\/wp-content\/uploads\/2026\/04\/Plakat-Undenheim-blueht-auf-2026-A3-hoch-20260402-728x1024.png\" alt=\"\" class=\"wp-image-3308\" style=\"width:568px;height:auto\" srcset=\"https:\/\/dfv-undenheim.de\/wp-content\/uploads\/2026\/04\/Plakat-Undenheim-blueht-auf-2026-A3-hoch-20260402-728x1024.png 728w, https:\/\/dfv-undenheim.de\/wp-content\/uploads\/2026\/04\/Plakat-Undenheim-blueht-auf-2026-A3-hoch-20260402-213x300.png 213w, https:\/\/dfv-undenheim.de\/wp-content\/uploads\/2026\/04\/Plakat-Undenheim-blueht-auf-2026-A3-hoch-20260402-768x1080.png 768w, https:\/\/dfv-undenheim.de\/wp-content\/uploads\/2026\/04\/Plakat-Undenheim-blueht-auf-2026-A3-hoch-20260402-1093x1536.png 1093w, https:\/\/dfv-undenheim.de\/wp-content\/uploads\/2026\/04\/Plakat-Undenheim-blueht-auf-2026-A3-hoch-20260402-1457x2048.png 1457w, https:\/\/dfv-undenheim.de\/wp-content\/uploads\/2026\/04\/Plakat-Undenheim-blueht-auf-2026-A3-hoch-20260402.png 1700w\" sizes=\"auto, (max-width: 728px) 100vw, 728px\" \/><\/figure>\n\n\n\n<figure class=\"wp-block-image size-large\"><img loading=\"lazy\" decoding=\"async\" width=\"1024\" height=\"730\" src=\"https:\/\/dfv-undenheim.de\/wp-content\/uploads\/2026\/04\/Undenheim-blueht-auf-2026-Flyer-Seite1-1024x730.png\" alt=\"\" class=\"wp-image-3328\" srcset=\"https:\/\/dfv-undenheim.de\/wp-content\/uploads\/2026\/04\/Undenheim-blueht-auf-2026-Flyer-Seite1-1024x730.png 1024w, https:\/\/dfv-undenheim.de\/wp-content\/uploads\/2026\/04\/Undenheim-blueht-auf-2026-Flyer-Seite1-300x214.png 300w, https:\/\/dfv-undenheim.de\/wp-content\/uploads\/2026\/04\/Undenheim-blueht-auf-2026-Flyer-Seite1-768x548.png 768w, https:\/\/dfv-undenheim.de\/wp-content\/uploads\/2026\/04\/Undenheim-blueht-auf-2026-Flyer-Seite1-1536x1095.png 1536w, https:\/\/dfv-undenheim.de\/wp-content\/uploads\/2026\/04\/Undenheim-blueht-auf-2026-Flyer-Seite1.png 1700w\" sizes=\"auto, (max-width: 1024px) 100vw, 1024px\" \/><\/figure>\n\n\n\n<figure class=\"wp-block-image size-large\"><img loading=\"lazy\" decoding=\"async\" width=\"1024\" height=\"730\" src=\"https:\/\/dfv-undenheim.de\/wp-content\/uploads\/2026\/04\/Undenheim-blueht-auf-2026-Flyer-Seite2-1024x730.png\" alt=\"\" class=\"wp-image-3329\" srcset=\"https:\/\/dfv-undenheim.de\/wp-content\/uploads\/2026\/04\/Undenheim-blueht-auf-2026-Flyer-Seite2-1024x730.png 1024w, https:\/\/dfv-undenheim.de\/wp-content\/uploads\/2026\/04\/Undenheim-blueht-auf-2026-Flyer-Seite2-300x214.png 300w, https:\/\/dfv-undenheim.de\/wp-content\/uploads\/2026\/04\/Undenheim-blueht-auf-2026-Flyer-Seite2-768x548.png 768w, https:\/\/dfv-undenheim.de\/wp-content\/uploads\/2026\/04\/Undenheim-blueht-auf-2026-Flyer-Seite2-1536x1095.png 1536w, https:\/\/dfv-undenheim.de\/wp-content\/uploads\/2026\/04\/Undenheim-blueht-auf-2026-Flyer-Seite2.png 1700w\" sizes=\"auto, (max-width: 1024px) 100vw, 1024px\" \/><\/figure>\n\n\n\n<figure class=\"wp-block-image size-large\"><img loading=\"lazy\" decoding=\"async\" width=\"725\" height=\"1024\" src=\"https:\/\/dfv-undenheim.de\/wp-content\/uploads\/2026\/04\/grafik-34-725x1024.png\" alt=\"\" class=\"wp-image-3354\" srcset=\"https:\/\/dfv-undenheim.de\/wp-content\/uploads\/2026\/04\/grafik-34-725x1024.png 725w, https:\/\/dfv-undenheim.de\/wp-content\/uploads\/2026\/04\/grafik-34-212x300.png 212w, https:\/\/dfv-undenheim.de\/wp-content\/uploads\/2026\/04\/grafik-34-768x1085.png 768w, https:\/\/dfv-undenheim.de\/wp-content\/uploads\/2026\/04\/grafik-34.png 1072w\" sizes=\"auto, (max-width: 725px) 100vw, 725px\" \/><\/figure>\n\n\n\n<p class=\"has-medium-font-size\" id=\"block-9d96ad1b-44c5-473c-8b81-3578e4ba9c89\">Undenheim bl\u00fcht auf 2025 &#8211; unser Fr\u00fchlingsfest f\u00fcr jung und alt<\/p>\n\n\n\n<figure class=\"wp-block-image is-resized\" id=\"block-df731bd4-caaf-4595-b328-1718ccf280bf\"><a href=\"https:\/\/dfv-undenheim.de\/wp-content\/uploads\/2025\/04\/Undenheim-blueht-auf-2025-Flyer.pdf\" target=\"_blank\" rel=\" noreferrer noopener\"><img decoding=\"async\" src=\"https:\/\/dfv-undenheim.de\/wp-content\/uploads\/2025\/04\/Button-2025-1024x255.png\" alt=\"Dieses Bild hat ein leeres Alt-Attribut. Der Dateiname ist Button-2025-1024x255.png\" style=\"width:565px;height:auto\"\/><\/a><\/figure>\n\n\n\n<figure class=\"wp-block-image size-large is-resized\"><img loading=\"lazy\" decoding=\"async\" width=\"796\" height=\"1024\" src=\"https:\/\/dfv-undenheim.de\/wp-content\/uploads\/2026\/04\/grafik-28-796x1024.png\" alt=\"\" class=\"wp-image-3311\" style=\"aspect-ratio:0.7770166843575645;width:574px;height:auto\" srcset=\"https:\/\/dfv-undenheim.de\/wp-content\/uploads\/2026\/04\/grafik-28-796x1024.png 796w, https:\/\/dfv-undenheim.de\/wp-content\/uploads\/2026\/04\/grafik-28-233x300.png 233w, https:\/\/dfv-undenheim.de\/wp-content\/uploads\/2026\/04\/grafik-28-768x988.png 768w, https:\/\/dfv-undenheim.de\/wp-content\/uploads\/2026\/04\/grafik-28.png 1136w\" sizes=\"auto, (max-width: 796px) 100vw, 796px\" \/><\/figure>\n\n\n\n<figure class=\"wp-block-image size-large is-resized\" id=\"block-db6c379a-ae55-422c-8c28-ba0f53e3e2d6\"><img loading=\"lazy\" decoding=\"async\" width=\"728\" height=\"1024\" src=\"https:\/\/dfv-undenheim.de\/wp-content\/uploads\/2025\/04\/Plakat-Undenheim-blueht-auf-2025-A3-hoch-20250428-728x1024.jpg\" alt=\"\" class=\"wp-image-2915\" style=\"width:568px;height:auto\" srcset=\"https:\/\/dfv-undenheim.de\/wp-content\/uploads\/2025\/04\/Plakat-Undenheim-blueht-auf-2025-A3-hoch-20250428-728x1024.jpg 728w, https:\/\/dfv-undenheim.de\/wp-content\/uploads\/2025\/04\/Plakat-Undenheim-blueht-auf-2025-A3-hoch-20250428-213x300.jpg 213w, https:\/\/dfv-undenheim.de\/wp-content\/uploads\/2025\/04\/Plakat-Undenheim-blueht-auf-2025-A3-hoch-20250428-768x1080.jpg 768w, https:\/\/dfv-undenheim.de\/wp-content\/uploads\/2025\/04\/Plakat-Undenheim-blueht-auf-2025-A3-hoch-20250428-1092x1536.jpg 1092w, https:\/\/dfv-undenheim.de\/wp-content\/uploads\/2025\/04\/Plakat-Undenheim-blueht-auf-2025-A3-hoch-20250428.jpg 1145w\" sizes=\"auto, (max-width: 728px) 100vw, 728px\" \/><\/figure>\n\n\n\n<figure class=\"wp-block-image\" id=\"block-508abe75-db69-4e92-a14b-815c05855ef4\"><img decoding=\"async\" src=\"https:\/\/dfv-undenheim.de\/wp-content\/uploads\/2025\/04\/Undenheim-blueht-auf-2025-Flyer-Seite-1-1-1024x731.png\" alt=\"Dieses Bild hat ein leeres Alt-Attribut. Der Dateiname ist Undenheim-blueht-auf-2025-Flyer-Seite-1-1-1024x731.png\"\/><\/figure>\n\n\n\n<figure class=\"wp-block-image\" id=\"block-881c7d79-8949-4c9c-9ce6-0298667cb569\"><img decoding=\"async\" src=\"https:\/\/dfv-undenheim.de\/wp-content\/uploads\/2025\/04\/Undenheim-blueht-auf-2025-Flyer-Seite-2-1-1024x731.png\" alt=\"Dieses Bild hat ein leeres Alt-Attribut. Der Dateiname ist Undenheim-blueht-auf-2025-Flyer-Seite-2-1-1024x731.png\"\/><\/figure>\n\n\n\n<figure class=\"wp-block-image size-large\"><img loading=\"lazy\" decoding=\"async\" width=\"726\" height=\"1024\" src=\"https:\/\/dfv-undenheim.de\/wp-content\/uploads\/2025\/04\/Undenheim-blueht-auf-2025-Preisliste-726x1024.png\" alt=\"\" class=\"wp-image-2918\" srcset=\"https:\/\/dfv-undenheim.de\/wp-content\/uploads\/2025\/04\/Undenheim-blueht-auf-2025-Preisliste-726x1024.png 726w, https:\/\/dfv-undenheim.de\/wp-content\/uploads\/2025\/04\/Undenheim-blueht-auf-2025-Preisliste-213x300.png 213w, https:\/\/dfv-undenheim.de\/wp-content\/uploads\/2025\/04\/Undenheim-blueht-auf-2025-Preisliste-768x1084.png 768w, https:\/\/dfv-undenheim.de\/wp-content\/uploads\/2025\/04\/Undenheim-blueht-auf-2025-Preisliste-1088x1536.png 1088w, https:\/\/dfv-undenheim.de\/wp-content\/uploads\/2025\/04\/Undenheim-blueht-auf-2025-Preisliste.png 1315w\" sizes=\"auto, (max-width: 726px) 100vw, 726px\" \/><\/figure>\n\n\n\n<h2 class=\"wp-block-heading has-electric-grass-gradient-background has-background has-medium-font-size\" id=\"block-c74da271-0fee-4e27-8ad6-fdf8ed6e7bbc\">Vergangene Jahre<\/h2>\n\n\n\n<figure class=\"wp-block-image size-large is-resized\"><img loading=\"lazy\" decoding=\"async\" width=\"728\" height=\"1024\" src=\"https:\/\/dfv-undenheim.de\/wp-content\/uploads\/2024\/05\/Plakat-Undenheim-blueht-auf-2024-A3-hoch-20240121-728x1024.jpg\" alt=\"\" class=\"wp-image-2467\" style=\"width:600px;height:auto\" srcset=\"https:\/\/dfv-undenheim.de\/wp-content\/uploads\/2024\/05\/Plakat-Undenheim-blueht-auf-2024-A3-hoch-20240121-728x1024.jpg 728w, https:\/\/dfv-undenheim.de\/wp-content\/uploads\/2024\/05\/Plakat-Undenheim-blueht-auf-2024-A3-hoch-20240121-213x300.jpg 213w, https:\/\/dfv-undenheim.de\/wp-content\/uploads\/2024\/05\/Plakat-Undenheim-blueht-auf-2024-A3-hoch-20240121-768x1080.jpg 768w, https:\/\/dfv-undenheim.de\/wp-content\/uploads\/2024\/05\/Plakat-Undenheim-blueht-auf-2024-A3-hoch-20240121-1092x1536.jpg 1092w, https:\/\/dfv-undenheim.de\/wp-content\/uploads\/2024\/05\/Plakat-Undenheim-blueht-auf-2024-A3-hoch-20240121.jpg 1145w\" sizes=\"auto, (max-width: 728px) 100vw, 728px\" \/><\/figure>\n\n\n\n<figure class=\"wp-block-image size-large is-resized\"><img loading=\"lazy\" decoding=\"async\" width=\"1024\" height=\"731\" src=\"https:\/\/dfv-undenheim.de\/wp-content\/uploads\/2024\/05\/Undenheim-blueht-auf-2024-Flyer-Seite1-1024x731.jpg\" alt=\"\" class=\"wp-image-2468\" style=\"width:1025px;height:auto\" srcset=\"https:\/\/dfv-undenheim.de\/wp-content\/uploads\/2024\/05\/Undenheim-blueht-auf-2024-Flyer-Seite1-1024x731.jpg 1024w, https:\/\/dfv-undenheim.de\/wp-content\/uploads\/2024\/05\/Undenheim-blueht-auf-2024-Flyer-Seite1-300x214.jpg 300w, https:\/\/dfv-undenheim.de\/wp-content\/uploads\/2024\/05\/Undenheim-blueht-auf-2024-Flyer-Seite1-768x548.jpg 768w, https:\/\/dfv-undenheim.de\/wp-content\/uploads\/2024\/05\/Undenheim-blueht-auf-2024-Flyer-Seite1.jpg 1145w\" sizes=\"auto, (max-width: 1024px) 100vw, 1024px\" \/><\/figure>\n\n\n\n<figure class=\"wp-block-image size-large\"><img loading=\"lazy\" decoding=\"async\" width=\"1024\" height=\"731\" src=\"https:\/\/dfv-undenheim.de\/wp-content\/uploads\/2024\/05\/Undenheim-blueht-auf-2024-Flyer-Seite-2-1024x731.jpg\" alt=\"\" class=\"wp-image-2469\" srcset=\"https:\/\/dfv-undenheim.de\/wp-content\/uploads\/2024\/05\/Undenheim-blueht-auf-2024-Flyer-Seite-2-1024x731.jpg 1024w, https:\/\/dfv-undenheim.de\/wp-content\/uploads\/2024\/05\/Undenheim-blueht-auf-2024-Flyer-Seite-2-300x214.jpg 300w, https:\/\/dfv-undenheim.de\/wp-content\/uploads\/2024\/05\/Undenheim-blueht-auf-2024-Flyer-Seite-2-768x548.jpg 768w, https:\/\/dfv-undenheim.de\/wp-content\/uploads\/2024\/05\/Undenheim-blueht-auf-2024-Flyer-Seite-2.jpg 1145w\" sizes=\"auto, (max-width: 1024px) 100vw, 1024px\" \/><\/figure>\n\n\n\n<h1 class=\"wp-block-heading has-medium-font-size\">\u201eUndenheim bl\u00fcht auf\u201c \u2013 ein Fest f\u00fcr die GANZE Familie<\/h1>\n\n\n\n<p>Als besonderes Highlight im j\u00e4hrlichen Kalender des Dorff\u00f6rdervereins startete am 12. Mai 2024 das Fr\u00fchlingsfest \u201eUndenheim bl\u00fcht auf\u201c bei herrlichem Wetter und mit vielen neugierigen und erwartungsvollen G\u00e4sten.<\/p>\n\n\n\n<p>Nicht zuletzt als Werbung f\u00fcr Beetpatenschaften in Undenheim mit einer Pflanzen-Tauschb\u00f6rse gedacht, bot der Dorff\u00f6rderverein nun zum dritten Mal ein Fest, in dessen Fokus neben dem geselligen Beisammensein auch traditionell spielerisches Erlernen und Erfahren der Natur unter dem Motto \u201eUndenheim bl\u00fcht auf\u201c steht.<\/p>\n\n\n\n<p>Kreativangebote wie Basteln aus Ton und Erde oder Rollen von Samenbomben, Bemalen und Bepflanzen von Blument\u00f6pfen der Kita-Goldbachforscher, der Mitmachstand des Jugendgartens Undenheim oder auch der Poesie-Workshop \u201emit den B\u00e4umen sprechen\u201c f\u00fcr Kinder und Kind gebliebene unter Begleitung von Klangstein-Arthur wurden freudig besucht!<\/p>\n\n\n\n<p>\u201eWas krabbelt in der Erde?\u201c, eine K\u00fckenschau, \u201eDas Leben der Bienen\u201c, \u201eWas treibt die Blattlaus in ihrer Freizeit?\u201c, Vogelnistk\u00e4sten \u2013 Bau und Pflege brachten Wissenswertes auch f\u00fcr den erfahrenen Naturfreund.<\/p>\n\n\n\n<p>Auch Glitzer-Tattoos und Riesen-Seifenblasen sowie eine gro\u00dfe Tombola der Elterninitiative Undenheim durften nat\u00fcrlich nicht fehlen.<\/p>\n\n\n\n<p>Und wem das alles zu trubelig war, der konnte sich mit einem leckeren Kuchen der Goldbachforscher, einer Bratwurst des F\u00f6rdervereins der Grundschule und einer Weinschorle in die Sonne setzen und den Tag genie\u00dfen.<\/p>\n\n\n\n<p>Danke an alle Sponsoren: Rewe, Werner\u00b4s Backstube und vor allem der Bernhardt-Stiftung f\u00fcr die Bereitstellung der fantastischen Location sowie allen freiwilligen Helfern, ohne die ein solch vielf\u00e4ltiges kostenloses Programm f\u00fcr Gro\u00df und Klein nicht m\u00f6glich w\u00e4re!<\/p>\n\n\n\n<p>N\u00e4chstes Jahr startet das Fest im \u00dcbrigen bereits am 04. Mai!<\/p>\n\n\n\n<div class=\"wp-block-columns is-layout-flex wp-container-core-columns-is-layout-28f84493 wp-block-columns-is-layout-flex\">\n<div class=\"wp-block-column is-layout-flow wp-block-column-is-layout-flow\">\n<figure class=\"wp-block-image size-large\"><img loading=\"lazy\" decoding=\"async\" width=\"1024\" height=\"683\" src=\"https:\/\/dfv-undenheim.de\/wp-content\/uploads\/2024\/05\/SUS7917-1024x683.jpg\" alt=\"\" class=\"wp-image-2483\" srcset=\"https:\/\/dfv-undenheim.de\/wp-content\/uploads\/2024\/05\/SUS7917-1024x683.jpg 1024w, https:\/\/dfv-undenheim.de\/wp-content\/uploads\/2024\/05\/SUS7917-300x200.jpg 300w, https:\/\/dfv-undenheim.de\/wp-content\/uploads\/2024\/05\/SUS7917-768x512.jpg 768w, https:\/\/dfv-undenheim.de\/wp-content\/uploads\/2024\/05\/SUS7917-1536x1024.jpg 1536w, https:\/\/dfv-undenheim.de\/wp-content\/uploads\/2024\/05\/SUS7917-2048x1365.jpg 2048w\" sizes=\"auto, (max-width: 1024px) 100vw, 1024px\" \/><\/figure>\n\n\n\n<figure class=\"wp-block-image size-large\"><img loading=\"lazy\" decoding=\"async\" width=\"1024\" height=\"683\" src=\"https:\/\/dfv-undenheim.de\/wp-content\/uploads\/2024\/05\/SUS7976-1024x683.jpg\" alt=\"\" class=\"wp-image-2485\" srcset=\"https:\/\/dfv-undenheim.de\/wp-content\/uploads\/2024\/05\/SUS7976-1024x683.jpg 1024w, https:\/\/dfv-undenheim.de\/wp-content\/uploads\/2024\/05\/SUS7976-300x200.jpg 300w, https:\/\/dfv-undenheim.de\/wp-content\/uploads\/2024\/05\/SUS7976-768x512.jpg 768w, https:\/\/dfv-undenheim.de\/wp-content\/uploads\/2024\/05\/SUS7976-1536x1024.jpg 1536w, https:\/\/dfv-undenheim.de\/wp-content\/uploads\/2024\/05\/SUS7976-2048x1365.jpg 2048w\" sizes=\"auto, (max-width: 1024px) 100vw, 1024px\" \/><\/figure>\n\n\n\n<figure class=\"wp-block-image size-large\"><img loading=\"lazy\" decoding=\"async\" width=\"1024\" height=\"683\" src=\"https:\/\/dfv-undenheim.de\/wp-content\/uploads\/2024\/05\/SUS7989-1024x683.jpg\" alt=\"\" class=\"wp-image-2487\" srcset=\"https:\/\/dfv-undenheim.de\/wp-content\/uploads\/2024\/05\/SUS7989-1024x683.jpg 1024w, https:\/\/dfv-undenheim.de\/wp-content\/uploads\/2024\/05\/SUS7989-300x200.jpg 300w, https:\/\/dfv-undenheim.de\/wp-content\/uploads\/2024\/05\/SUS7989-768x512.jpg 768w, https:\/\/dfv-undenheim.de\/wp-content\/uploads\/2024\/05\/SUS7989-1536x1024.jpg 1536w, https:\/\/dfv-undenheim.de\/wp-content\/uploads\/2024\/05\/SUS7989-2048x1365.jpg 2048w\" sizes=\"auto, (max-width: 1024px) 100vw, 1024px\" \/><\/figure>\n<\/div>\n\n\n\n<div class=\"wp-block-column is-layout-flow wp-block-column-is-layout-flow\">\n<figure class=\"wp-block-image size-large\"><img loading=\"lazy\" decoding=\"async\" width=\"1024\" height=\"683\" src=\"https:\/\/dfv-undenheim.de\/wp-content\/uploads\/2024\/05\/SUS7962-1024x683.jpg\" alt=\"\" class=\"wp-image-2484\" srcset=\"https:\/\/dfv-undenheim.de\/wp-content\/uploads\/2024\/05\/SUS7962-1024x683.jpg 1024w, https:\/\/dfv-undenheim.de\/wp-content\/uploads\/2024\/05\/SUS7962-300x200.jpg 300w, https:\/\/dfv-undenheim.de\/wp-content\/uploads\/2024\/05\/SUS7962-768x512.jpg 768w, https:\/\/dfv-undenheim.de\/wp-content\/uploads\/2024\/05\/SUS7962-1536x1024.jpg 1536w, https:\/\/dfv-undenheim.de\/wp-content\/uploads\/2024\/05\/SUS7962-2048x1365.jpg 2048w\" sizes=\"auto, (max-width: 1024px) 100vw, 1024px\" \/><\/figure>\n\n\n\n<figure class=\"wp-block-image size-large\"><img loading=\"lazy\" decoding=\"async\" width=\"1024\" height=\"683\" src=\"https:\/\/dfv-undenheim.de\/wp-content\/uploads\/2024\/05\/SUS7985-1024x683.jpg\" alt=\"\" class=\"wp-image-2486\" srcset=\"https:\/\/dfv-undenheim.de\/wp-content\/uploads\/2024\/05\/SUS7985-1024x683.jpg 1024w, https:\/\/dfv-undenheim.de\/wp-content\/uploads\/2024\/05\/SUS7985-300x200.jpg 300w, https:\/\/dfv-undenheim.de\/wp-content\/uploads\/2024\/05\/SUS7985-768x512.jpg 768w, https:\/\/dfv-undenheim.de\/wp-content\/uploads\/2024\/05\/SUS7985-1536x1024.jpg 1536w, https:\/\/dfv-undenheim.de\/wp-content\/uploads\/2024\/05\/SUS7985-2048x1365.jpg 2048w\" sizes=\"auto, (max-width: 1024px) 100vw, 1024px\" \/><\/figure>\n\n\n\n<figure class=\"wp-block-image size-large\"><img loading=\"lazy\" decoding=\"async\" width=\"1024\" height=\"683\" src=\"https:\/\/dfv-undenheim.de\/wp-content\/uploads\/2024\/05\/SUS7995-1024x683.jpg\" alt=\"\" class=\"wp-image-2488\" srcset=\"https:\/\/dfv-undenheim.de\/wp-content\/uploads\/2024\/05\/SUS7995-1024x683.jpg 1024w, https:\/\/dfv-undenheim.de\/wp-content\/uploads\/2024\/05\/SUS7995-300x200.jpg 300w, https:\/\/dfv-undenheim.de\/wp-content\/uploads\/2024\/05\/SUS7995-768x512.jpg 768w, https:\/\/dfv-undenheim.de\/wp-content\/uploads\/2024\/05\/SUS7995-1536x1024.jpg 1536w, https:\/\/dfv-undenheim.de\/wp-content\/uploads\/2024\/05\/SUS7995-2048x1365.jpg 2048w\" sizes=\"auto, (max-width: 1024px) 100vw, 1024px\" \/><\/figure>\n<\/div>\n<\/div>\n","protected":false},"excerpt":{"rendered":"<p>Undenheim bl\u00fcht auf 2026 &#8211; unser Fr\u00fchlingsfest f\u00fcr jung und alt Undenheim bl\u00fcht auf 2025 &#8211; unser Fr\u00fchlingsfest f\u00fcr jung und alt Vergangene Jahre \u201eUndenheim bl\u00fcht auf\u201c \u2013 ein Fest f\u00fcr die GANZE Familie Als besonderes Highlight im j\u00e4hrlichen Kalender<\/p>\n","protected":false},"author":9,"featured_media":0,"comment_status":"open","ping_status":"open","sticky":false,"template":"","format":"standard","meta":{"footnotes":""},"categories":[1],"tags":[],"class_list":["post-2471","post","type-post","status-publish","format-standard","hentry","category-uncategorized","","tg-column-two"],"aioseo_notices":[],"_links":{"self":[{"href":"https:\/\/dfv-undenheim.de\/index.php?rest_route=\/wp\/v2\/posts\/2471","targetHints":{"allow":["GET"]}}],"collection":[{"href":"https:\/\/dfv-undenheim.de\/index.php?rest_route=\/wp\/v2\/posts"}],"about":[{"href":"https:\/\/dfv-undenheim.de\/index.php?rest_route=\/wp\/v2\/types\/post"}],"author":[{"embeddable":true,"href":"https:\/\/dfv-undenheim.de\/index.php?rest_route=\/wp\/v2\/users\/9"}],"replies":[{"embeddable":true,"href":"https:\/\/dfv-undenheim.de\/index.php?rest_route=%2Fwp%2Fv2%2Fcomments&post=2471"}],"version-history":[{"count":21,"href":"https:\/\/dfv-undenheim.de\/index.php?rest_route=\/wp\/v2\/posts\/2471\/revisions"}],"predecessor-version":[{"id":3355,"href":"https:\/\/dfv-undenheim.de\/index.php?rest_route=\/wp\/v2\/posts\/2471\/revisions\/3355"}],"wp:attachment":[{"href":"https:\/\/dfv-undenheim.de\/index.php?rest_route=%2Fwp%2Fv2%2Fmedia&parent=2471"}],"wp:term":[{"taxonomy":"category","embeddable":true,"href":"https:\/\/dfv-undenheim.de\/index.php?rest_route=%2Fwp%2Fv2%2Fcategories&post=2471"},{"taxonomy":"post_tag","embeddable":true,"href":"https:\/\/dfv-undenheim.de\/index.php?rest_route=%2Fwp%2Fv2%2Ftags&post=2471"}],"curies":[{"name":"wp","href":"https:\/\/api.w.org\/{rel}","templated":true}]}}